{"id":2165,"date":"2024-06-17T17:57:00","date_gmt":"2024-06-17T15:57:00","guid":{"rendered":"https:\/\/gdck-belimanastir.hr\/?p=2165"},"modified":"2024-12-11T17:59:19","modified_gmt":"2024-12-11T16:59:19","slug":"osvijesti-sebe-i-druge","status":"publish","type":"post","link":"https:\/\/gdck-belimanastir.hr\/?p=2165","title":{"rendered":"Osvijesti sebe i druge"},"content":{"rendered":"\n<p id=\"block-cb08ef7e-6647-4ecb-9a26-10698a76eb67\"><strong>NOSITELJ:<\/strong>&nbsp;Hrvatski Crveni kri\u017e Gradsko dru\u0161tvo Crvenog kri\u017ea Beli Manastir<\/p>\n\n\n\n<p id=\"block-9b7e590b-f1b0-428f-b032-aefa52adde3d\"><strong>IZVOR FINANCIRANJA:<\/strong>&nbsp;Projekt \u201cOsvijesti sebe i druge\u201d je sufinanciran od Europske komisije iz programa Europskih snaga solidarnosti.&nbsp;<a rel=\"noreferrer noopener\" href=\"https:\/\/www.facebook.com\/hashtag\/eu?__eep__=6&amp;__cft__[0]=AZWtOqacAgVy2mSGndxOTUl03DI6Tsqd0EejZTMbEMCjbjidblg06tqxmYDh4TYKGaDX26ZluKrO4F_oi4bDmPFW8pTQHsgJ-mwuJvXGpEe0XKcXJK8vhwBtku1YnNA0uEINLM4uXmoqmv7YQRuzIYOzQns1wc4FQ6TU8QKeM5HH_wFUgnE3FislIXva-m-PpIM&amp;__tn__=*NK-R\" target=\"_blank\">#eu<\/a><a rel=\"noreferrer noopener\" href=\"https:\/\/www.facebook.com\/hashtag\/ess?__eep__=6&amp;__cft__[0]=AZWtOqacAgVy2mSGndxOTUl03DI6Tsqd0EejZTMbEMCjbjidblg06tqxmYDh4TYKGaDX26ZluKrO4F_oi4bDmPFW8pTQHsgJ-mwuJvXGpEe0XKcXJK8vhwBtku1YnNA0uEINLM4uXmoqmv7YQRuzIYOzQns1wc4FQ6TU8QKeM5HH_wFUgnE3FislIXva-m-PpIM&amp;__tn__=*NK-R\" target=\"_blank\">#ess<\/a><img loading=\"lazy\" height=\"16\" width=\"16\" alt=\"??\" src=\"https:\/\/static.xx.fbcdn.net\/images\/emoji.php\/v9\/tdd\/1\/16\/1f1ea_1f1fa.png\"><\/p>\n\n\n\n<p id=\"block-ae20b62d-24e0-4bb8-ab3b-0e1227a0dd4e\"><strong>VRIJEDNOST PROJEKTA:<\/strong>&nbsp;9.204,00 eura<\/p>\n\n\n\n<p id=\"block-2e958339-9c1d-4c14-805b-f1770e7e5e62\"><strong>TRAJANJE PROJEKTA:<\/strong>&nbsp;01.06.2024.-31.05.2025.<\/p>\n\n\n\n<p id=\"block-97e5c240-6777-4384-b0c6-5c715256a59c\"><strong>Projekt &#8220;Osvijesti sebe i druge&#8221; &#8211; Poticanje mladih na volontiranje i aktivno sudjelovanje u zajednici<\/strong><\/p>\n\n\n\n<p id=\"block-77b20b40-4564-4747-84b9-f7a014a36e72\">Projektom &#8220;Osvijesti sebe i druge&#8221; \u017eelimo potaknuti djecu i mlade na aktivno sudjelovanje u kvalitetnim i pristupa\u010dnim aktivnostima koje ih osna\u017euju kao aktivne gra\u0111ane lokalne zajednice kroz volontiranje.<\/p>\n\n\n\n<p id=\"block-6d86fca1-5b60-4e77-b7cb-3f6bc709953d\">Volontiranje je temeljeno na dobrovoljnom anga\u017emanu u pru\u017eanju pomo\u0107i susjedima, prijateljima ili zajednici, osobito u izvanrednim situacijama poput prirodnih katastrofa ili kriznih vremena. Na taj na\u010din, mladi ula\u017eu svoje vrijeme i trud, istovremeno ja\u010daju\u0107i vlastito samopouzdanje i razvijaju\u0107i socijalne vje\u0161tine.<\/p>\n\n\n\n<p id=\"block-d1b5ab89-6291-480c-9d2d-9926e26f2427\">U sklopu projekta organizirat \u0107emo kontinuirane radionice posve\u0107ene temama volontiranja i njegovim dobrobitima za zajednicu. Teme uklju\u010duju:<\/p>\n\n\n\n<ul id=\"block-579646a2-9b3c-4a1f-926c-2af79581bb43\"><li>Klimatske promjene<\/li><li>Promicanje zdravlja i prevenciju ovisnosti<\/li><li>Poticanje uklju\u010divanja u\u010denika u lokalne volonterske udruge<\/li><\/ul>\n\n\n\n<p id=\"block-7bd24e60-3830-43dc-baa1-675f91bb1747\">Radionice \u0107e biti provedene u tri osnovne \u0161kole i tri srednje \u0161kole, obuhva\u0107aju\u0107i djecu i mlade u dobi od 13 do 30 godina. Posebnu vrijednost projektu donosi suradnja s razredima Posebnog odjela Osnovne \u0161kole &#8220;Dr. Franjo Tu\u0111man&#8221;, u kojima sudjeluju djeca s te\u0161ko\u0107ama u razvoju.<\/p>\n\n\n\n<p id=\"block-d1534f86-6c4a-4b98-9c47-fb39cd8c901a\">Cilj ovog projekta je upoznati mlade iz ruralnih podru\u010dja s raznim oblicima volontiranja i pokazati im kako njihove male promjene mogu imati veliki utjecaj na lokalnu zajednicu. Poseban naglasak stavljen je na promicanje okoli\u0161no odgovornog i odr\u017eivog pona\u0161anja.<\/p>\n\n\n\n<p id=\"block-146bcdbb-8b55-43ef-ac79-14849da252ec\">Pozivamo sve zainteresirane da se pridru\u017ee ovom projektu i zajedno doprinesu izgradnji boljeg i povezanijeg dru\u0161tva!<\/p>\n\n\n\n<figure class=\"wp-block-image\" id=\"block-9e75588a-e8f8-4b4d-8bd1-512a210c8ce0\"><img src=\"https:\/\/gdck-belimanastir.hr\/wp-content\/uploads\/2023\/06\/HR-Sufinancira-Europska-unija_POS-1024x264.jpg\" alt=\"Ova slika ima prazan alt atribut ; naziv datoteke je HR-Sufinancira-Europska-unija_POS-1024x264.jpg\"\/><\/figure>\n\n\n\n<figure class=\"wp-block-image\" id=\"block-cb186492-a336-4d9f-b7bd-4bf794e82878\"><img src=\"https:\/\/gdck-belimanastir.hr\/wp-content\/uploads\/2023\/03\/SolidarityCorps_without_tagline-HR-1024x301.png\" alt=\"Ova slika ima prazan alt atribut ; naziv datoteke je SolidarityCorps_without_tagline-HR-1024x301.png\"\/><\/figure>\n\n\n\n<figure class=\"wp-block-image\" id=\"block-98d27b20-b9f1-4ceb-a653-f3f976676371\"><img src=\"https:\/\/gdck-belimanastir.hr\/wp-content\/uploads\/2023\/03\/1434006659_ampeu-logo-hr-1024x400.jpg\" alt=\"Ova slika ima prazan alt atribut ; naziv datoteke je 1434006659_ampeu-logo-hr-1024x400.jpg\"\/><\/figure>\n","protected":false},"excerpt":{"rendered":"<p>NOSITELJ:&nbsp;Hrvatski Crveni kri\u017e Gradsko dru\u0161tvo Crvenog kri\u017ea Beli Manastir IZVOR FINANCIRANJA:&nbsp;Projekt \u201cOsvijesti sebe i druge\u201d je sufinanciran od Europske komisije iz programa Europskih snaga solidarnosti.&nbsp;#eu#ess VRIJEDNOST PROJEKTA:&nbsp;9.204,00 eura TRAJANJE PROJEKTA:&nbsp;01.06.2024.-31.05.2025. Projekt &#8220;Osvijesti sebe i druge&#8221; &#8211; Poticanje mladih na volontiranje i aktivno sudjelovanje u zajednici Projektom &#8220;Osvijesti sebe i druge&#8221; \u017eelimo potaknuti djecu i mlade [&hellip;]<\/p>\n","protected":false},"author":2,"featured_media":1548,"comment_status":"closed","ping_status":"closed","sticky":false,"template":"","format":"standard","meta":[],"categories":[1],"tags":[12,48,110],"_links":{"self":[{"href":"https:\/\/gdck-belimanastir.hr\/index.php?rest_route=\/wp\/v2\/posts\/2165"}],"collection":[{"href":"https:\/\/gdck-belimanastir.hr\/index.php?rest_route=\/wp\/v2\/posts"}],"about":[{"href":"https:\/\/gdck-belimanastir.hr\/index.php?rest_route=\/wp\/v2\/types\/post"}],"author":[{"embeddable":true,"href":"https:\/\/gdck-belimanastir.hr\/index.php?rest_route=\/wp\/v2\/users\/2"}],"replies":[{"embeddable":true,"href":"https:\/\/gdck-belimanastir.hr\/index.php?rest_route=%2Fwp%2Fv2%2Fcomments&post=2165"}],"version-history":[{"count":1,"href":"https:\/\/gdck-belimanastir.hr\/index.php?rest_route=\/wp\/v2\/posts\/2165\/revisions"}],"predecessor-version":[{"id":2166,"href":"https:\/\/gdck-belimanastir.hr\/index.php?rest_route=\/wp\/v2\/posts\/2165\/revisions\/2166"}],"wp:featuredmedia":[{"embeddable":true,"href":"https:\/\/gdck-belimanastir.hr\/index.php?rest_route=\/wp\/v2\/media\/1548"}],"wp:attachment":[{"href":"https:\/\/gdck-belimanastir.hr\/index.php?rest_route=%2Fwp%2Fv2%2Fmedia&parent=2165"}],"wp:term":[{"taxonomy":"category","embeddable":true,"href":"https:\/\/gdck-belimanastir.hr\/index.php?rest_route=%2Fwp%2Fv2%2Fcategories&post=2165"},{"taxonomy":"post_tag","embeddable":true,"href":"https:\/\/gdck-belimanastir.hr\/index.php?rest_route=%2Fwp%2Fv2%2Ftags&post=2165"}],"curies":[{"name":"wp","href":"https:\/\/api.w.org\/{rel}","templated":true}]}}