{"id":2277,"date":"2025-03-16T11:48:00","date_gmt":"2025-03-16T10:48:00","guid":{"rendered":"https:\/\/gdck-belimanastir.hr\/?p=2277"},"modified":"2025-03-19T12:20:47","modified_gmt":"2025-03-19T11:20:47","slug":"prva-razina-26-natjecanja-mladih-hck-u-belom-manastiru","status":"publish","type":"post","link":"https:\/\/gdck-belimanastir.hr\/?p=2277","title":{"rendered":"Prva razina 26. Natjecanja mladih HCK u Belom Manastiru!"},"content":{"rendered":"\n<p><strong>Natjecanje mladih Crvenog kri\u017ea<\/strong> predstavlja iznimno va\u017ean doga\u0111aj u edukaciji mladih o prvoj pomo\u0107i, humanitarnim vrijednostima i djelovanju Crvenog kri\u017ea. Prva razina <strong>26. Natjecanja mladih Crvenog kri\u017ea<\/strong> odr\u017eana je ju\u010der u <strong>Belom Manastiru<\/strong>, okupiv\u0161i motivirane u\u010denike osnovnih i srednjih \u0161kola.<\/p>\n\n\n\n<p>Ovo natjecanje pru\u017ea priliku mladima da poka\u017eu ste\u010dena znanja i vje\u0161tine u pru\u017eanju prve pomo\u0107i te svoje razumijevanje <strong>Me\u0111unarodnog Pokreta Crvenog kri\u017ea i Crvenog polumjeseca<\/strong>. Natjecanje nije samo test znanja, ve\u0107 i prilika za razvijanje timskog rada, humanosti i odgovornosti.<\/p>\n\n\n\n<p>\u010cestitamo <strong>ekipi Osnovne \u0161kole Kne\u017eevi Vinogradi<\/strong> i <strong>ekipi Gimnazije Beli Manastir<\/strong>, koje su osvojile <strong>prvo mjesto<\/strong> i ostvarile plasman na <strong>Me\u0111u\u017eupanijsko natjecanje<\/strong>! Njihova posve\u0107enost, trud i timski duh istaknuli su ih kao najbolje ekipe ovog natjecanja.<\/p>\n\n\n\n<p>Odr\u017eavanje <strong>Natjecanja mladih Crvenog kri\u017ea<\/strong> ne bi bilo mogu\u0107e bez predanosti i podr\u0161ke brojnih <strong>volontera<\/strong>. Njihov anga\u017eman omogu\u0107io je uspje\u0161nu provedbu natjecanja \u2013 neki su sudjelovali kao <strong>suci, glumci, pratitelji ekipa, \u0161minkeri realisti\u010dnog prikaza ozljeda (RPO)<\/strong> i u mnogim drugim va\u017enim ulogama. Njihova podr\u0161ka i nesebi\u010dno zalaganje klju\u010dni su za uspjeh ovakvih doga\u0111anja.<\/p>\n\n\n\n<p>Osvojiv\u0161i prva mjesta, ekipe Osnovne \u0161kole Kne\u017eevi Vinogradi i Gimnazije Beli Manastir nastavljaju svoj put prema <strong>Me\u0111u\u017eupanijskom natjecanju mladih Crvenog kri\u017ea<\/strong> u <strong>Slatini<\/strong>, gdje \u0107e imati priliku jo\u0161 jednom pokazati svoje znanje, vje\u0161tine i predanost humanitarnim vrijednostima.<\/p>\n\n\n\n<p><strong>Zahvaljujemo svim sudionicima, mentorima i \u0161kolama<\/strong> na sudjelovanju i trudu ulo\u017eenom u pripreme. Svima koji su se natjecali \u017eelimo puno uspjeha u daljnjem u\u010denju i radu u duhu Crvenog kri\u017ea! <\/p>\n\n\n\n<p>Pogledajte fotografije s natjecanja u na\u0161oj galeriji i podijelite s nama svoje dojmove!<\/p>\n\n\n\n<p>#NatjecanjeMladihCrvenogKri\u017ea #PrvaPomo\u0107Spa\u0161ava\u017divot #HumanostNaDjelu #HCK #BeliManastir #CrveniKri\u017eBeliManastir #Volonteri #GDCKBeliManastir #DCKOB\u017d<\/p>\n\n\n\n<figure class=\"wp-block-gallery columns-3 is-cropped\"><ul class=\"blocks-gallery-grid\"><li class=\"blocks-gallery-item\"><figure><img loading=\"lazy\" width=\"1024\" height=\"683\" src=\"https:\/\/gdck-belimanastir.hr\/wp-content\/uploads\/2025\/03\/IMG_5062-1024x683.jpg\" alt=\"\" data-id=\"2287\" data-full-url=\"https:\/\/gdck-belimanastir.hr\/wp-content\/uploads\/2025\/03\/IMG_5062-scaled.jpg\" data-link=\"https:\/\/gdck-belimanastir.hr\/?attachment_id=2287\" class=\"wp-image-2287\" srcset=\"https:\/\/gdck-belimanastir.hr\/wp-content\/uploads\/2025\/03\/IMG_5062-1024x683.jpg 1024w, https:\/\/gdck-belimanastir.hr\/wp-content\/uploads\/2025\/03\/IMG_5062-300x200.jpg 300w, https:\/\/gdck-belimanastir.hr\/wp-content\/uploads\/2025\/03\/IMG_5062-768x512.jpg 768w, https:\/\/gdck-belimanastir.hr\/wp-content\/uploads\/2025\/03\/IMG_5062-1536x1024.jpg 1536w, https:\/\/gdck-belimanastir.hr\/wp-content\/uploads\/2025\/03\/IMG_5062-2048x1365.jpg 2048w\" sizes=\"(max-width: 1024px) 100vw, 1024px\" \/><\/figure><\/li><li class=\"blocks-gallery-item\"><figure><img loading=\"lazy\" width=\"1024\" height=\"683\" src=\"https:\/\/gdck-belimanastir.hr\/wp-content\/uploads\/2025\/03\/IMG_5066-1024x683.jpg\" alt=\"\" data-id=\"2286\" data-full-url=\"https:\/\/gdck-belimanastir.hr\/wp-content\/uploads\/2025\/03\/IMG_5066-scaled.jpg\" data-link=\"https:\/\/gdck-belimanastir.hr\/?attachment_id=2286\" class=\"wp-image-2286\" srcset=\"https:\/\/gdck-belimanastir.hr\/wp-content\/uploads\/2025\/03\/IMG_5066-1024x683.jpg 1024w, https:\/\/gdck-belimanastir.hr\/wp-content\/uploads\/2025\/03\/IMG_5066-300x200.jpg 300w, https:\/\/gdck-belimanastir.hr\/wp-content\/uploads\/2025\/03\/IMG_5066-768x512.jpg 768w, https:\/\/gdck-belimanastir.hr\/wp-content\/uploads\/2025\/03\/IMG_5066-1536x1024.jpg 1536w, https:\/\/gdck-belimanastir.hr\/wp-content\/uploads\/2025\/03\/IMG_5066-2048x1365.jpg 2048w\" sizes=\"(max-width: 1024px) 100vw, 1024px\" \/><\/figure><\/li><li class=\"blocks-gallery-item\"><figure><img loading=\"lazy\" width=\"1024\" height=\"683\" src=\"https:\/\/gdck-belimanastir.hr\/wp-content\/uploads\/2025\/03\/IMG_5073-1024x683.jpg\" alt=\"\" data-id=\"2285\" data-full-url=\"https:\/\/gdck-belimanastir.hr\/wp-content\/uploads\/2025\/03\/IMG_5073-scaled.jpg\" data-link=\"https:\/\/gdck-belimanastir.hr\/?attachment_id=2285\" class=\"wp-image-2285\" srcset=\"https:\/\/gdck-belimanastir.hr\/wp-content\/uploads\/2025\/03\/IMG_5073-1024x683.jpg 1024w, https:\/\/gdck-belimanastir.hr\/wp-content\/uploads\/2025\/03\/IMG_5073-300x200.jpg 300w, https:\/\/gdck-belimanastir.hr\/wp-content\/uploads\/2025\/03\/IMG_5073-768x512.jpg 768w, https:\/\/gdck-belimanastir.hr\/wp-content\/uploads\/2025\/03\/IMG_5073-1536x1024.jpg 1536w, https:\/\/gdck-belimanastir.hr\/wp-content\/uploads\/2025\/03\/IMG_5073-2048x1365.jpg 2048w\" sizes=\"(max-width: 1024px) 100vw, 1024px\" \/><\/figure><\/li><li class=\"blocks-gallery-item\"><figure><img loading=\"lazy\" width=\"1024\" height=\"683\" src=\"https:\/\/gdck-belimanastir.hr\/wp-content\/uploads\/2025\/03\/IMG_5100-1024x683.jpg\" alt=\"\" data-id=\"2284\" data-full-url=\"https:\/\/gdck-belimanastir.hr\/wp-content\/uploads\/2025\/03\/IMG_5100-scaled.jpg\" data-link=\"https:\/\/gdck-belimanastir.hr\/?attachment_id=2284\" class=\"wp-image-2284\" srcset=\"https:\/\/gdck-belimanastir.hr\/wp-content\/uploads\/2025\/03\/IMG_5100-1024x683.jpg 1024w, https:\/\/gdck-belimanastir.hr\/wp-content\/uploads\/2025\/03\/IMG_5100-300x200.jpg 300w, https:\/\/gdck-belimanastir.hr\/wp-content\/uploads\/2025\/03\/IMG_5100-768x512.jpg 768w, https:\/\/gdck-belimanastir.hr\/wp-content\/uploads\/2025\/03\/IMG_5100-1536x1024.jpg 1536w, https:\/\/gdck-belimanastir.hr\/wp-content\/uploads\/2025\/03\/IMG_5100-2048x1365.jpg 2048w\" sizes=\"(max-width: 1024px) 100vw, 1024px\" \/><\/figure><\/li><li class=\"blocks-gallery-item\"><figure><img loading=\"lazy\" width=\"1024\" height=\"683\" src=\"https:\/\/gdck-belimanastir.hr\/wp-content\/uploads\/2025\/03\/IMG_5112-1024x683.jpg\" alt=\"\" data-id=\"2283\" data-full-url=\"https:\/\/gdck-belimanastir.hr\/wp-content\/uploads\/2025\/03\/IMG_5112-scaled.jpg\" data-link=\"https:\/\/gdck-belimanastir.hr\/?attachment_id=2283\" class=\"wp-image-2283\" srcset=\"https:\/\/gdck-belimanastir.hr\/wp-content\/uploads\/2025\/03\/IMG_5112-1024x683.jpg 1024w, https:\/\/gdck-belimanastir.hr\/wp-content\/uploads\/2025\/03\/IMG_5112-300x200.jpg 300w, https:\/\/gdck-belimanastir.hr\/wp-content\/uploads\/2025\/03\/IMG_5112-768x512.jpg 768w, https:\/\/gdck-belimanastir.hr\/wp-content\/uploads\/2025\/03\/IMG_5112-1536x1024.jpg 1536w, https:\/\/gdck-belimanastir.hr\/wp-content\/uploads\/2025\/03\/IMG_5112-2048x1365.jpg 2048w\" sizes=\"(max-width: 1024px) 100vw, 1024px\" \/><\/figure><\/li><li class=\"blocks-gallery-item\"><figure><img loading=\"lazy\" width=\"1024\" height=\"683\" src=\"https:\/\/gdck-belimanastir.hr\/wp-content\/uploads\/2025\/03\/IMG_5113-1024x683.jpg\" alt=\"\" data-id=\"2282\" data-full-url=\"https:\/\/gdck-belimanastir.hr\/wp-content\/uploads\/2025\/03\/IMG_5113-scaled.jpg\" data-link=\"https:\/\/gdck-belimanastir.hr\/?attachment_id=2282\" class=\"wp-image-2282\" srcset=\"https:\/\/gdck-belimanastir.hr\/wp-content\/uploads\/2025\/03\/IMG_5113-1024x683.jpg 1024w, https:\/\/gdck-belimanastir.hr\/wp-content\/uploads\/2025\/03\/IMG_5113-300x200.jpg 300w, https:\/\/gdck-belimanastir.hr\/wp-content\/uploads\/2025\/03\/IMG_5113-768x512.jpg 768w, https:\/\/gdck-belimanastir.hr\/wp-content\/uploads\/2025\/03\/IMG_5113-1536x1024.jpg 1536w, https:\/\/gdck-belimanastir.hr\/wp-content\/uploads\/2025\/03\/IMG_5113-2048x1365.jpg 2048w\" sizes=\"(max-width: 1024px) 100vw, 1024px\" \/><\/figure><\/li><li class=\"blocks-gallery-item\"><figure><img loading=\"lazy\" width=\"1024\" height=\"683\" src=\"https:\/\/gdck-belimanastir.hr\/wp-content\/uploads\/2025\/03\/IMG_5115-1024x683.jpg\" alt=\"\" data-id=\"2281\" data-full-url=\"https:\/\/gdck-belimanastir.hr\/wp-content\/uploads\/2025\/03\/IMG_5115-scaled.jpg\" data-link=\"https:\/\/gdck-belimanastir.hr\/?attachment_id=2281\" class=\"wp-image-2281\" srcset=\"https:\/\/gdck-belimanastir.hr\/wp-content\/uploads\/2025\/03\/IMG_5115-1024x683.jpg 1024w, https:\/\/gdck-belimanastir.hr\/wp-content\/uploads\/2025\/03\/IMG_5115-300x200.jpg 300w, https:\/\/gdck-belimanastir.hr\/wp-content\/uploads\/2025\/03\/IMG_5115-768x512.jpg 768w, https:\/\/gdck-belimanastir.hr\/wp-content\/uploads\/2025\/03\/IMG_5115-1536x1024.jpg 1536w, https:\/\/gdck-belimanastir.hr\/wp-content\/uploads\/2025\/03\/IMG_5115-2048x1365.jpg 2048w\" sizes=\"(max-width: 1024px) 100vw, 1024px\" \/><\/figure><\/li><li class=\"blocks-gallery-item\"><figure><img loading=\"lazy\" width=\"1024\" height=\"683\" src=\"https:\/\/gdck-belimanastir.hr\/wp-content\/uploads\/2025\/03\/IMG_5119-1024x683.jpg\" alt=\"\" data-id=\"2280\" data-full-url=\"https:\/\/gdck-belimanastir.hr\/wp-content\/uploads\/2025\/03\/IMG_5119-scaled.jpg\" data-link=\"https:\/\/gdck-belimanastir.hr\/?attachment_id=2280\" class=\"wp-image-2280\" srcset=\"https:\/\/gdck-belimanastir.hr\/wp-content\/uploads\/2025\/03\/IMG_5119-1024x683.jpg 1024w, https:\/\/gdck-belimanastir.hr\/wp-content\/uploads\/2025\/03\/IMG_5119-300x200.jpg 300w, https:\/\/gdck-belimanastir.hr\/wp-content\/uploads\/2025\/03\/IMG_5119-768x512.jpg 768w, https:\/\/gdck-belimanastir.hr\/wp-content\/uploads\/2025\/03\/IMG_5119-1536x1024.jpg 1536w, https:\/\/gdck-belimanastir.hr\/wp-content\/uploads\/2025\/03\/IMG_5119-2048x1365.jpg 2048w\" sizes=\"(max-width: 1024px) 100vw, 1024px\" \/><\/figure><\/li><li class=\"blocks-gallery-item\"><figure><img loading=\"lazy\" width=\"1024\" height=\"683\" src=\"https:\/\/gdck-belimanastir.hr\/wp-content\/uploads\/2025\/03\/IMG_5167-1024x683.jpg\" alt=\"\" data-id=\"2279\" data-full-url=\"https:\/\/gdck-belimanastir.hr\/wp-content\/uploads\/2025\/03\/IMG_5167-scaled.jpg\" data-link=\"https:\/\/gdck-belimanastir.hr\/?attachment_id=2279\" class=\"wp-image-2279\" srcset=\"https:\/\/gdck-belimanastir.hr\/wp-content\/uploads\/2025\/03\/IMG_5167-1024x683.jpg 1024w, https:\/\/gdck-belimanastir.hr\/wp-content\/uploads\/2025\/03\/IMG_5167-300x200.jpg 300w, https:\/\/gdck-belimanastir.hr\/wp-content\/uploads\/2025\/03\/IMG_5167-768x512.jpg 768w, https:\/\/gdck-belimanastir.hr\/wp-content\/uploads\/2025\/03\/IMG_5167-1536x1024.jpg 1536w, https:\/\/gdck-belimanastir.hr\/wp-content\/uploads\/2025\/03\/IMG_5167-2048x1365.jpg 2048w\" sizes=\"(max-width: 1024px) 100vw, 1024px\" \/><\/figure><\/li><li class=\"blocks-gallery-item\"><figure><img loading=\"lazy\" width=\"1024\" height=\"683\" src=\"https:\/\/gdck-belimanastir.hr\/wp-content\/uploads\/2025\/03\/IMG_5171-1024x683.jpg\" alt=\"\" data-id=\"2278\" data-full-url=\"https:\/\/gdck-belimanastir.hr\/wp-content\/uploads\/2025\/03\/IMG_5171-scaled.jpg\" data-link=\"https:\/\/gdck-belimanastir.hr\/?attachment_id=2278\" class=\"wp-image-2278\" srcset=\"https:\/\/gdck-belimanastir.hr\/wp-content\/uploads\/2025\/03\/IMG_5171-1024x683.jpg 1024w, https:\/\/gdck-belimanastir.hr\/wp-content\/uploads\/2025\/03\/IMG_5171-300x200.jpg 300w, https:\/\/gdck-belimanastir.hr\/wp-content\/uploads\/2025\/03\/IMG_5171-768x512.jpg 768w, https:\/\/gdck-belimanastir.hr\/wp-content\/uploads\/2025\/03\/IMG_5171-1536x1024.jpg 1536w, https:\/\/gdck-belimanastir.hr\/wp-content\/uploads\/2025\/03\/IMG_5171-2048x1365.jpg 2048w\" sizes=\"(max-width: 1024px) 100vw, 1024px\" \/><\/figure><\/li><\/ul><\/figure>\n","protected":false},"excerpt":{"rendered":"<p>Natjecanje mladih Crvenog kri\u017ea predstavlja iznimno va\u017ean doga\u0111aj u edukaciji mladih o prvoj pomo\u0107i, humanitarnim vrijednostima i djelovanju Crvenog kri\u017ea. Prva razina 26. Natjecanja mladih Crvenog kri\u017ea odr\u017eana je ju\u010der u Belom Manastiru, okupiv\u0161i motivirane u\u010denike osnovnih i srednjih \u0161kola. Ovo natjecanje pru\u017ea priliku mladima da poka\u017eu ste\u010dena znanja i vje\u0161tine u pru\u017eanju prve pomo\u0107i [&hellip;]<\/p>\n","protected":false},"author":2,"featured_media":2288,"comment_status":"closed","ping_status":"closed","sticky":false,"template":"","format":"standard","meta":[],"categories":[1],"tags":[12,60,120,53,119,118,70],"_links":{"self":[{"href":"https:\/\/gdck-belimanastir.hr\/index.php?rest_route=\/wp\/v2\/posts\/2277"}],"collection":[{"href":"https:\/\/gdck-belimanastir.hr\/index.php?rest_route=\/wp\/v2\/posts"}],"about":[{"href":"https:\/\/gdck-belimanastir.hr\/index.php?rest_route=\/wp\/v2\/types\/post"}],"author":[{"embeddable":true,"href":"https:\/\/gdck-belimanastir.hr\/index.php?rest_route=\/wp\/v2\/users\/2"}],"replies":[{"embeddable":true,"href":"https:\/\/gdck-belimanastir.hr\/index.php?rest_route=%2Fwp%2Fv2%2Fcomments&post=2277"}],"version-history":[{"count":2,"href":"https:\/\/gdck-belimanastir.hr\/index.php?rest_route=\/wp\/v2\/posts\/2277\/revisions"}],"predecessor-version":[{"id":2290,"href":"https:\/\/gdck-belimanastir.hr\/index.php?rest_route=\/wp\/v2\/posts\/2277\/revisions\/2290"}],"wp:featuredmedia":[{"embeddable":true,"href":"https:\/\/gdck-belimanastir.hr\/index.php?rest_route=\/wp\/v2\/media\/2288"}],"wp:attachment":[{"href":"https:\/\/gdck-belimanastir.hr\/index.php?rest_route=%2Fwp%2Fv2%2Fmedia&parent=2277"}],"wp:term":[{"taxonomy":"category","embeddable":true,"href":"https:\/\/gdck-belimanastir.hr\/index.php?rest_route=%2Fwp%2Fv2%2Fcategories&post=2277"},{"taxonomy":"post_tag","embeddable":true,"href":"https:\/\/gdck-belimanastir.hr\/index.php?rest_route=%2Fwp%2Fv2%2Ftags&post=2277"}],"curies":[{"name":"wp","href":"https:\/\/api.w.org\/{rel}","templated":true}]}}