{"id":2600,"date":"2026-04-14T12:44:00","date_gmt":"2026-04-14T10:44:00","guid":{"rendered":"https:\/\/gdck-belimanastir.hr\/?p=2600"},"modified":"2026-04-28T13:21:42","modified_gmt":"2026-04-28T11:21:42","slug":"potpisivanje-projekta-zajedno-bez-granica","status":"publish","type":"post","link":"https:\/\/gdck-belimanastir.hr\/?p=2600","title":{"rendered":"Potpisivanje projekta &#8220;Zajedno bez granica&#8221;"},"content":{"rendered":"\n<p>U Lipiku smo sudjelovali na sve\u010danom potpisivanju ugovora o dodjeli bespovratnih sredstava u okviru Poziva \u201e\u0160irenje mre\u017ee socijalnih usluga u zajednici\u201c, financiranog iz Programa \u201eU\u010dinkoviti ljudski potencijali 2021.\u20132027.\u201c (ESF+).U ime Crvenog kri\u017ea Beli Manastir, ugovor za projekt &#8220;Zajedno bez granica&#8221;, potpisao je ravnatelj Damir Mendler. <\/p>\n\n\n\n<p>Projekt \u201eZajedno bez granica\u201c usmjeren je na pove\u0107anje kvalitete \u017eivota starijih osoba kroz razvoj i \u0161irenje socijalnih usluga u zajednici. Cilj je osigurati ve\u0107u dostupnost podr\u0161ke te doprinijeti socijalnoj uklju\u010denosti i samostalnosti korisnika. Projekt traje tri godine, a tijekom tog razdoblja provodit \u0107e se razne aktivnosti usmjerene na unaprje\u0111enje i pro\u0161irenje postoje\u0107ih usluga. <\/p>\n\n\n\n<p>Projekt &#8220;Zajedno bez granica&#8221; (SF.3.4.11.04.0042) sufinanciran je sredstvima Europske unije iz Europskog socijalnog fonda plus. <img loading=\"lazy\" height=\"16\" width=\"16\" alt=\"????????\" src=\"https:\/\/static.xx.fbcdn.net\/images\/emoji.php\/v9\/tdd\/1\/16\/1f1ea_1f1fa.png\"><\/p>\n\n\n\n<p><a href=\"https:\/\/www.facebook.com\/hashtag\/esfplus?__cft__[0]=AZZWTGv2xzpHATBr_mjvs0G9sQnIMQWPjxSTYUA-5zH1x35i4h1yythovFHG751qHFroQIelxnKv7hjhDZN91yOCYhNAFqI-XOU9yp1z3x6N74FDC9nWDJej9uzrBiLAl1HhE6w-16B_Iz4oO3uPiYVOg1hMozdpFqFutlLY-7bjQiWBIadDQ8aeYCjGzDXGCls&amp;__tn__=*NK-R\">#esfplus<\/a><a href=\"https:\/\/www.facebook.com\/hashtag\/hck?__cft__[0]=AZZWTGv2xzpHATBr_mjvs0G9sQnIMQWPjxSTYUA-5zH1x35i4h1yythovFHG751qHFroQIelxnKv7hjhDZN91yOCYhNAFqI-XOU9yp1z3x6N74FDC9nWDJej9uzrBiLAl1HhE6w-16B_Iz4oO3uPiYVOg1hMozdpFqFutlLY-7bjQiWBIadDQ8aeYCjGzDXGCls&amp;__tn__=*NK-R\">#hck<\/a><a href=\"https:\/\/www.facebook.com\/hashtag\/belimanastir?__cft__[0]=AZZWTGv2xzpHATBr_mjvs0G9sQnIMQWPjxSTYUA-5zH1x35i4h1yythovFHG751qHFroQIelxnKv7hjhDZN91yOCYhNAFqI-XOU9yp1z3x6N74FDC9nWDJej9uzrBiLAl1HhE6w-16B_Iz4oO3uPiYVOg1hMozdpFqFutlLY-7bjQiWBIadDQ8aeYCjGzDXGCls&amp;__tn__=*NK-R\">#belimanastir<\/a><a href=\"https:\/\/www.facebook.com\/hashtag\/starijeosobe?__cft__[0]=AZZWTGv2xzpHATBr_mjvs0G9sQnIMQWPjxSTYUA-5zH1x35i4h1yythovFHG751qHFroQIelxnKv7hjhDZN91yOCYhNAFqI-XOU9yp1z3x6N74FDC9nWDJej9uzrBiLAl1HhE6w-16B_Iz4oO3uPiYVOg1hMozdpFqFutlLY-7bjQiWBIadDQ8aeYCjGzDXGCls&amp;__tn__=*NK-R\">#starijeosobe<\/a><a href=\"https:\/\/www.facebook.com\/hashtag\/crvenikri%C5%BE?__cft__[0]=AZZWTGv2xzpHATBr_mjvs0G9sQnIMQWPjxSTYUA-5zH1x35i4h1yythovFHG751qHFroQIelxnKv7hjhDZN91yOCYhNAFqI-XOU9yp1z3x6N74FDC9nWDJej9uzrBiLAl1HhE6w-16B_Iz4oO3uPiYVOg1hMozdpFqFutlLY-7bjQiWBIadDQ8aeYCjGzDXGCls&amp;__tn__=*NK-R\">#crvenikri\u017e<\/a><a href=\"https:\/\/www.facebook.com\/hashtag\/zajednobezgranica?__cft__[0]=AZZWTGv2xzpHATBr_mjvs0G9sQnIMQWPjxSTYUA-5zH1x35i4h1yythovFHG751qHFroQIelxnKv7hjhDZN91yOCYhNAFqI-XOU9yp1z3x6N74FDC9nWDJej9uzrBiLAl1HhE6w-16B_Iz4oO3uPiYVOg1hMozdpFqFutlLY-7bjQiWBIadDQ8aeYCjGzDXGCls&amp;__tn__=*NK-R\">#zajednobezgranica<\/a><\/p>\n\n\n\n<figure class=\"wp-block-gallery columns-2 is-cropped\"><ul class=\"blocks-gallery-grid\"><li class=\"blocks-gallery-item\"><figure><img loading=\"lazy\" width=\"1024\" height=\"768\" src=\"https:\/\/gdck-belimanastir.hr\/wp-content\/uploads\/2026\/04\/671807711_990107953684118_134904523345525979_n-1024x768.jpg\" alt=\"\" data-id=\"2601\" data-full-url=\"https:\/\/gdck-belimanastir.hr\/wp-content\/uploads\/2026\/04\/671807711_990107953684118_134904523345525979_n.jpg\" data-link=\"https:\/\/gdck-belimanastir.hr\/?attachment_id=2601\" class=\"wp-image-2601\" srcset=\"https:\/\/gdck-belimanastir.hr\/wp-content\/uploads\/2026\/04\/671807711_990107953684118_134904523345525979_n-1024x768.jpg 1024w, https:\/\/gdck-belimanastir.hr\/wp-content\/uploads\/2026\/04\/671807711_990107953684118_134904523345525979_n-300x225.jpg 300w, https:\/\/gdck-belimanastir.hr\/wp-content\/uploads\/2026\/04\/671807711_990107953684118_134904523345525979_n-768x576.jpg 768w, https:\/\/gdck-belimanastir.hr\/wp-content\/uploads\/2026\/04\/671807711_990107953684118_134904523345525979_n-1536x1152.jpg 1536w, https:\/\/gdck-belimanastir.hr\/wp-content\/uploads\/2026\/04\/671807711_990107953684118_134904523345525979_n.jpg 1600w\" sizes=\"(max-width: 1024px) 100vw, 1024px\" \/><\/figure><\/li><li class=\"blocks-gallery-item\"><figure><img loading=\"lazy\" width=\"1024\" height=\"768\" src=\"https:\/\/gdck-belimanastir.hr\/wp-content\/uploads\/2026\/04\/670778489_990107893684124_1941563949506727421_n-1024x768.jpg\" alt=\"\" data-id=\"2602\" data-full-url=\"https:\/\/gdck-belimanastir.hr\/wp-content\/uploads\/2026\/04\/670778489_990107893684124_1941563949506727421_n.jpg\" data-link=\"https:\/\/gdck-belimanastir.hr\/?attachment_id=2602\" class=\"wp-image-2602\" srcset=\"https:\/\/gdck-belimanastir.hr\/wp-content\/uploads\/2026\/04\/670778489_990107893684124_1941563949506727421_n-1024x768.jpg 1024w, https:\/\/gdck-belimanastir.hr\/wp-content\/uploads\/2026\/04\/670778489_990107893684124_1941563949506727421_n-300x225.jpg 300w, https:\/\/gdck-belimanastir.hr\/wp-content\/uploads\/2026\/04\/670778489_990107893684124_1941563949506727421_n-768x576.jpg 768w, https:\/\/gdck-belimanastir.hr\/wp-content\/uploads\/2026\/04\/670778489_990107893684124_1941563949506727421_n-1536x1152.jpg 1536w, https:\/\/gdck-belimanastir.hr\/wp-content\/uploads\/2026\/04\/670778489_990107893684124_1941563949506727421_n.jpg 1600w\" sizes=\"(max-width: 1024px) 100vw, 1024px\" \/><\/figure><\/li><\/ul><\/figure>\n\n\n\n<p><\/p>\n","protected":false},"excerpt":{"rendered":"<p>U Lipiku smo sudjelovali na sve\u010danom potpisivanju ugovora o dodjeli bespovratnih sredstava u okviru Poziva \u201e\u0160irenje mre\u017ee socijalnih usluga u zajednici\u201c, financiranog iz Programa \u201eU\u010dinkoviti ljudski potencijali 2021.\u20132027.\u201c (ESF+).U ime Crvenog kri\u017ea Beli Manastir, ugovor za projekt &#8220;Zajedno bez granica&#8221;, potpisao je ravnatelj Damir Mendler. Projekt \u201eZajedno bez granica\u201c usmjeren je na pove\u0107anje kvalitete \u017eivota [&hellip;]<\/p>\n","protected":false},"author":2,"featured_media":2602,"comment_status":"closed","ping_status":"open","sticky":false,"template":"","format":"standard","meta":[],"categories":[1],"tags":[],"_links":{"self":[{"href":"https:\/\/gdck-belimanastir.hr\/index.php?rest_route=\/wp\/v2\/posts\/2600"}],"collection":[{"href":"https:\/\/gdck-belimanastir.hr\/index.php?rest_route=\/wp\/v2\/posts"}],"about":[{"href":"https:\/\/gdck-belimanastir.hr\/index.php?rest_route=\/wp\/v2\/types\/post"}],"author":[{"embeddable":true,"href":"https:\/\/gdck-belimanastir.hr\/index.php?rest_route=\/wp\/v2\/users\/2"}],"replies":[{"embeddable":true,"href":"https:\/\/gdck-belimanastir.hr\/index.php?rest_route=%2Fwp%2Fv2%2Fcomments&post=2600"}],"version-history":[{"count":1,"href":"https:\/\/gdck-belimanastir.hr\/index.php?rest_route=\/wp\/v2\/posts\/2600\/revisions"}],"predecessor-version":[{"id":2603,"href":"https:\/\/gdck-belimanastir.hr\/index.php?rest_route=\/wp\/v2\/posts\/2600\/revisions\/2603"}],"wp:featuredmedia":[{"embeddable":true,"href":"https:\/\/gdck-belimanastir.hr\/index.php?rest_route=\/wp\/v2\/media\/2602"}],"wp:attachment":[{"href":"https:\/\/gdck-belimanastir.hr\/index.php?rest_route=%2Fwp%2Fv2%2Fmedia&parent=2600"}],"wp:term":[{"taxonomy":"category","embeddable":true,"href":"https:\/\/gdck-belimanastir.hr\/index.php?rest_route=%2Fwp%2Fv2%2Fcategories&post=2600"},{"taxonomy":"post_tag","embeddable":true,"href":"https:\/\/gdck-belimanastir.hr\/index.php?rest_route=%2Fwp%2Fv2%2Ftags&post=2600"}],"curies":[{"name":"wp","href":"https:\/\/api.w.org\/{rel}","templated":true}]}}